{"id":1678,"date":"2019-10-10T15:33:33","date_gmt":"2019-10-10T15:33:33","guid":{"rendered":"https:\/\/vinodeangeles.es\/?p=886"},"modified":"2019-10-10T15:33:33","modified_gmt":"2019-10-10T15:33:33","slug":"ribera-del-duero-patrocinador-oro-y-vino-oficial-de-la-seminci","status":"publish","type":"post","link":"https:\/\/vinodeangeles.es\/en\/ribera-del-duero-patrocinador-oro-y-vino-oficial-de-la-seminci\/","title":{"rendered":"Ribera del Duero, patrocinador ORO y vino oficial de la SEMINCI"},"content":{"rendered":"<p><strong>Ribera del Duero, patrocinador ORO y vino oficial de la SEMINCI<\/strong><\/p>\n<ul>\n<li><strong>La Denominaci\u00f3n de Origen inaugura en esta edici\u00f3n un espacio privado para invitados vip en el que se servir\u00e1 una selecci\u00f3n exclusiva de 20 vinos<\/strong><\/li>\n<li><strong>Ribera entregar\u00e1 una botella personalizada a todos las celebridades que acudan a la muestra y obsequiar\u00e1 con una botella de vino edici\u00f3n especial a todos los invitados vip<\/strong><\/li>\n<li><strong>Los tintos y rosados de la DO maridar\u00e1n todas las citas de la intensa agenda de la Semana de Cine de Valladolid <\/strong><\/li>\n<\/ul>\n<p>&nbsp;<\/p>\n<p><strong>Valladolid, 10 de octubre de 2019. <\/strong>La Semana Internacional de Cine de Valladolid (SEMINCI) volver\u00e1 a brindar con vino de Ribera del Duero. La Denominaci\u00f3n de Origen, <strong>primer patrocinador ORO cien por cien de Castilla y Le\u00f3n de la historia del festival<\/strong>, llevar\u00e1 sus vinos a cada cita de la agenda, <strong>inaugurando en esta edici\u00f3n un espacio exclusivo para invitados vip al que se ha llamado \u201cEl Espacio Ribera\u201d.<\/strong><\/p>\n<p>&nbsp;<\/p>\n<p>El <a href=\"https:\/\/riberadelduero.es\/\" rel=\"nofollow noopener\" target=\"_blank\"><strong>Consejo Regulador de Ribera del Duero<\/strong><\/a> y el Ayuntamiento de Valladolid renovaron el pasado mes de junio el convenio de colaboraci\u00f3n para la 64\u00aa edici\u00f3n de SEMINCI en la que los vinos de la Denominaci\u00f3n de Origen vuelven a ser los oficiales del certamen, <strong>con una edici\u00f3n especial y limitada de 2.000 botellas que visten la imagen de la muestra de cine independiente y de autor m\u00e1s importante de Europa<\/strong>. Se servir\u00e1n en las galas de inauguraci\u00f3n y clausura, en la dedicada al cine espa\u00f1ol y en aquellos actos, jornadas, ruedas de prensa y eventos que se desarrollar\u00e1n dentro de la agenda oficial del festival, que se celebrar\u00e1 en Valladolid del 19 al 26 de octubre de 2019. Adem\u00e1s la DO da nombre y patrocina el <strong>Premio<\/strong> <strong>Ribera del Duero a la Mejor Direcci\u00f3n, dotado con 6.000 euros para el ganador otorgados por el Consejo Regulador<\/strong>.<\/p>\n<p><strong><u>El Espacio Ribera <\/u><\/strong><\/p>\n<p>En esta 64\u00aa edici\u00f3n de SEMINCI, la Denominaci\u00f3n de Origen inaugurar\u00e1 un nuevo espacio dedicado a los invitados vip, actores, directores, guionistas, profesionales del mundo del cine y la cultura, prensa y autoridades. Este enclave, al que se ha bautizado con el nombre de <strong>\u201cEl Espacio Ribera\u201d, contar\u00e1 con un Wine Bar exclusivo en el que se servir\u00e1 una selecci\u00f3n de veinte vinos de bodegas de la DO<\/strong>. Pretende ser el lugar de descanso y reposo de las celebridades invitadas, que acuden a Valladolid con una intensa agenda. \u00a0Estar\u00e1 ubicado en el Teatro Calder\u00f3n y abrir\u00e1 sus puertas durante todo el festival.<\/p>\n<p>Adem\u00e1s, Ribera del Duero obsequiar\u00e1 a las celebridades con una botella personalizada de edici\u00f3n \u00fanica. Del mismo modo entregar\u00e1 a todos los invitados una botella de vino en formato exclusivo.<\/p>\n<p><strong><u>Talleres y clases magistrales Esp\u00edritu Ribera<\/u><\/strong><\/p>\n<p>Por otro lado, la Denominaci\u00f3n de Origen de Ribera del Duero tambi\u00e9n patrocinar\u00e1 y promover\u00e1 los talleres, clases magistrales y ponencias formativas que se impartir\u00e1n durante la SEMINCI en el aula Mergelina de la Universidad de Valladolid.<\/p>\n<p>Profesionales del mundo del cine con trayectorias dilatadas y que gozan de gran reconocimiento internacional, como Alejandro Amen\u00e1bar o Mart\u00edn Hern\u00e1ndez, impartir\u00e1n este a\u00f1o estas experiencias acad\u00e9micas \u00fanicas que llevar\u00e1n el nombre de <strong>Esp\u00edritu Ribera<\/strong>.<\/p>\n<p><strong><u>Sobre el Consejo Regulador de la Denominaci\u00f3n de Origen Ribera del Duero<\/u><\/strong><\/p>\n<p>El Consejo Regulador de la Denominaci\u00f3n de Origen Ribera del Duero es el organismo responsable de velar por la autenticidad de los vinos de esta regi\u00f3n, asegurando que cada botella que lleva su contra etiqueta ha superado rigurosos controles de calidad.<\/p>\n<p>&nbsp;<\/p>\n<p>Cerca de 310 bodegas forman parte de esta demarcaci\u00f3n situada en la cuenca del r\u00edo Duero y seleccionada como Mejor Regi\u00f3n Vit\u00edcola del Mundo en 2012. Los vinos de la DO Ribera del Duero se caracterizan por su gran calidad, producci\u00f3n limitada y una fuerte apuesta por la innovaci\u00f3n. El af\u00e1n de superaci\u00f3n, la experiencia y una actitud creativa, junto con la dedicaci\u00f3n, tradici\u00f3n y talento de sus viticultores y bodegueros, convierten a los vinos de Ribera del Duero en \u00fanicos. <a href=\"http:\/\/www.riberadelduero.es\" rel=\"nofollow noopener\" target=\"_blank\">www.riberadelduero.es<\/a><\/p>","protected":false},"excerpt":{"rendered":"<p>Ribera del Duero, patrocinador ORO y vino oficial de la SEMINCI La Denominaci\u00f3n de Origen inaugura en esta edici\u00f3n un espacio privado para invitados vip en el que se servir\u00e1<br class=\"read-more-spacer\"> <a class=\"more-link\" href=\"https:\/\/vinodeangeles.es\/en\/ribera-del-duero-patrocinador-oro-y-vino-oficial-de-la-seminci\/\" data-no-translation=\"\" data-trp-gettext=\"\">Read More<\/a><\/p>","protected":false},"author":1,"featured_media":1679,"comment_status":"open","ping_status":"closed","sticky":false,"template":"","format":"standard","meta":{"inline_featured_image":false,"footnotes":""},"categories":[60],"tags":[],"class_list":["post-1678","post","type-post","status-publish","format-standard","has-post-thumbnail","hentry","category-sin-categorizar"],"acf":[],"rttpg_featured_image_url":{"full":["https:\/\/vinodeangeles.es\/wp-content\/uploads\/2019\/10\/Ribera-del-Duero_SEMINCI-2.jpg",1360,2048,false],"landscape":["https:\/\/vinodeangeles.es\/wp-content\/uploads\/2019\/10\/Ribera-del-Duero_SEMINCI-2.jpg",1360,2048,false],"portraits":["https:\/\/vinodeangeles.es\/wp-content\/uploads\/2019\/10\/Ribera-del-Duero_SEMINCI-2.jpg",1360,2048,false],"thumbnail":["https:\/\/vinodeangeles.es\/wp-content\/uploads\/2019\/10\/Ribera-del-Duero_SEMINCI-2-150x150.jpg",150,150,true],"medium":["https:\/\/vinodeangeles.es\/wp-content\/uploads\/2019\/10\/Ribera-del-Duero_SEMINCI-2-199x300.jpg",199,300,true],"large":["https:\/\/vinodeangeles.es\/wp-content\/uploads\/2019\/10\/Ribera-del-Duero_SEMINCI-2-680x1024.jpg",680,1024,true],"1536x1536":["https:\/\/vinodeangeles.es\/wp-content\/uploads\/2019\/10\/Ribera-del-Duero_SEMINCI-2-1020x1536.jpg",1020,1536,true],"2048x2048":["https:\/\/vinodeangeles.es\/wp-content\/uploads\/2019\/10\/Ribera-del-Duero_SEMINCI-2.jpg",1360,2048,false],"trp-custom-language-flag":["https:\/\/vinodeangeles.es\/wp-content\/uploads\/2019\/10\/Ribera-del-Duero_SEMINCI-2.jpg",8,12,false],"post-thumbnail":["https:\/\/vinodeangeles.es\/wp-content\/uploads\/2019\/10\/Ribera-del-Duero_SEMINCI-2.jpg",1360,2048,false],"tlp-portfolio-thumb":["https:\/\/vinodeangeles.es\/wp-content\/uploads\/2019\/10\/Ribera-del-Duero_SEMINCI-2-350x250.jpg",350,250,true],"woocommerce_thumbnail":["https:\/\/vinodeangeles.es\/wp-content\/uploads\/2019\/10\/Ribera-del-Duero_SEMINCI-2.jpg",1360,2048,false],"woocommerce_single":["https:\/\/vinodeangeles.es\/wp-content\/uploads\/2019\/10\/Ribera-del-Duero_SEMINCI-2.jpg",1360,2048,false],"woocommerce_gallery_thumbnail":["https:\/\/vinodeangeles.es\/wp-content\/uploads\/2019\/10\/Ribera-del-Duero_SEMINCI-2-140x140.jpg",140,140,true]},"rttpg_author":{"display_name":"admin","author_link":"https:\/\/vinodeangeles.es\/en\/author\/desarrolloteseo-es\/"},"rttpg_comment":1,"rttpg_category":"<a href=\"https:\/\/vinodeangeles.es\/en\/category\/sin-categorizar\/\" rel=\"category tag\">Sin categorizar<\/a>","rttpg_excerpt":"Ribera del Duero, patrocinador ORO y vino oficial de la SEMINCI La Denominaci\u00f3n de Origen inaugura en esta edici\u00f3n un espacio privado para invitados vip en el que se servir\u00e1 Read More","_links":{"self":[{"href":"https:\/\/vinodeangeles.es\/en\/wp-json\/wp\/v2\/posts\/1678","targetHints":{"allow":["GET"]}}],"collection":[{"href":"https:\/\/vinodeangeles.es\/en\/wp-json\/wp\/v2\/posts"}],"about":[{"href":"https:\/\/vinodeangeles.es\/en\/wp-json\/wp\/v2\/types\/post"}],"author":[{"embeddable":true,"href":"https:\/\/vinodeangeles.es\/en\/wp-json\/wp\/v2\/users\/1"}],"replies":[{"embeddable":true,"href":"https:\/\/vinodeangeles.es\/en\/wp-json\/wp\/v2\/comments?post=1678"}],"version-history":[{"count":0,"href":"https:\/\/vinodeangeles.es\/en\/wp-json\/wp\/v2\/posts\/1678\/revisions"}],"wp:featuredmedia":[{"embeddable":true,"href":"https:\/\/vinodeangeles.es\/en\/wp-json\/wp\/v2\/media\/1679"}],"wp:attachment":[{"href":"https:\/\/vinodeangeles.es\/en\/wp-json\/wp\/v2\/media?parent=1678"}],"wp:term":[{"taxonomy":"category","embeddable":true,"href":"https:\/\/vinodeangeles.es\/en\/wp-json\/wp\/v2\/categories?post=1678"},{"taxonomy":"post_tag","embeddable":true,"href":"https:\/\/vinodeangeles.es\/en\/wp-json\/wp\/v2\/tags?post=1678"}],"curies":[{"name":"wp","href":"https:\/\/api.w.org\/{rel}","templated":true}]}}